{"id":3277,"date":"2017-03-11T11:45:09","date_gmt":"2017-03-11T09:45:09","guid":{"rendered":"https:\/\/kultuurikatel.ee\/?p=3277\/"},"modified":"2017-05-10T12:29:41","modified_gmt":"2017-05-10T09:29:41","slug":"eesti-el-eesistumise-tippsundmused-toimuvad-kultuurikatlas","status":"publish","type":"post","link":"https:\/\/kultuurikatel.ee\/en\/2017\/03\/11\/eesti-el-eesistumise-tippsundmused-toimuvad-kultuurikatlas\/","title":{"rendered":"Key events of Estonia\u2019s presidency of the Council of the EU will take place in Tallinn Creative Hub"},"content":{"rendered":"<p><strong>Tallinn Creative Hub will be the main location for events taking place during Estonia\u2019s presidency of the Council of the EU. From 20 June to 2 November 2017, we will be hosting informal meetings of ministers and several conferences. Due to presidency-related events, Tallinn Creative Hub will not be available for other interested parties during that time period.<\/strong><\/p>\n<p>A special committee working in the EU Secretariat of the Government Office is in charge of preparations for Estonia\u2019s presidency of the Council of EU. The presiding country is in charge of managing the work of over 200 working groups of the Council of the European Union over the course of six months. The presiding country will represent the Council of the European Union in various negotiations and meetings with the European Parliament, the European Commission, and third parties.<\/p>\n<p>Altogether there will be about 200 different events taking place during Estonia\u2019s presidency of the Council of EU with an estimated 20,000-30,000 foreign guests. These events include 22 high-profile events.<\/p>\n<p>The presidency rotates between Member States every six months. Estonia will take over the presidency from Malta and will pass on the baton to Bulgaria after six months.<\/p>\n<p>Tallinn Creative Hub will be open again as of 3 November. But before Estonia takes over the presidency, visitors can expect to see some traditional events (Tallinn Music Week, a number of public conferences, Tallinn Craft Beer Weekend, concerts, Rasmus Puur\u2019s music show which is dedicated to the 2017 Youth Song and Dance Celebration, Tallinn Bicycle Week, etc.; visit our <a href=\"https:\/\/kultuurikatel.ee\/\" target=\"_blank\">website<\/a> and <a href=\"https:\/\/www.facebook.com\/KultuuriKatel-110321232319315\/\" target=\"_blank\">Facebook page<\/a> for more information). Come visit!<\/p>\n<p><img loading=\"lazy\" decoding=\"async\" src=\"https:\/\/kultuurikatel.ee\/static\/vool-katel_0-1.jpg\" alt=\"\" width=\"1\" height=\"1\" \/><\/p>\n<p><img loading=\"lazy\" decoding=\"async\" src=\"https:\/\/kultuurikatel.ee\/static\/vool-screen.jpg\" width=\"1000\" height=\"667\" \/><\/p>\n<p>\u201cVoog\u201d (\u201cFlow\u201d) &#8211; a project by Vaikla Stuudio O\u00dc (authors: Urmo Vaikla, T\u00fc\u00fcne-Kristin Vaikla, Mikk Meelak) that won the design contest for rooms intended for high-level meetings during Estonia\u2019s presidency of the Council of the EU.<\/p>\n<p><strong>Read more:<\/strong> Toomas Tirs, head of event logistics for Estonia\u2019s EU presidency, answers Kinnisvarauudised.ee\u2019s questions pertaining to the use of Tallinn Culture Hub; \u201cTallinn Culture Hub as the epitome of flexibility\u201d,\u00a015 February 2017.\u00a0<a href=\"http:\/\/www.kinnisvarauudised.ee\/uudised\/2017\/02\/15\/kultuurikatel-kui-paindlikkuse-vordkuju\" target=\"_blank\">www.kinnisvarauudised.ee\/uudised\/2017\/02\/15\/kultuurikatel-kui-paindlikkuse-vordkuju<\/a><\/p>\n","protected":false},"excerpt":{"rendered":"Tallinn Creative Hub will be the main location for events taking place during Estonia\u2019s presidency of the Council of the EU. From 20 June to 2 November 2017, we will be hosting informal meetings of ministers and several conferences. Due to presidency-related events, Tallinn Creative Hub will not be available for other interested parties during [&hellip;]","protected":false},"author":13,"featured_media":0,"comment_status":"closed","ping_status":"closed","sticky":false,"template":"","format":"standard","meta":{"_acf_changed":false,"_uag_custom_page_level_css":"","advgb_blocks_editor_width":"","advgb_blocks_columns_visual_guide":"","_exactmetrics_skip_tracking":false,"_exactmetrics_sitenote_active":false,"_exactmetrics_sitenote_note":"","_exactmetrics_sitenote_category":0,"_jetpack_memberships_contains_paid_content":false,"footnotes":""},"categories":[37],"tags":[],"class_list":["post-3277","post","type-post","status-publish","format-standard","hentry","category-kultuurikatlast-en"],"better_featured_image":null,"acf":{"featured":true},"yoast_head":"<!-- This site is optimized with the Yoast SEO plugin v27.1.1 - https:\/\/yoast.com\/product\/yoast-seo-wordpress\/ -->\n<title>Key events of Estonia\u2019s presidency of the Council of the EU will take place in Tallinn Creative Hub - Tallinn Creative Hub<\/title>\n<meta name=\"robots\" content=\"index, follow, max-snippet:-1, max-image-preview:large, max-video-preview:-1\" \/>\n<link rel=\"canonical\" href=\"https:\/\/kultuurikatel.ee\/en\/2017\/03\/11\/eesti-el-eesistumise-tippsundmused-toimuvad-kultuurikatlas\/\" \/>\n<meta property=\"og:locale\" content=\"en_US\" \/>\n<meta property=\"og:type\" content=\"article\" \/>\n<meta property=\"og:title\" content=\"Key events of Estonia\u2019s presidency of the Council of the EU will take place in Tallinn Creative Hub - Tallinn Creative Hub\" \/>\n<meta property=\"og:description\" content=\"Tallinn Creative Hub will be the main location for events taking place during Estonia\u2019s presidency of the Council of the EU. From 20 June to 2 November 2017, we will be hosting informal meetings of ministers and several conferences. Due to presidency-related events, Tallinn Creative Hub will not be available for other interested parties during [&hellip;]\" \/>\n<meta property=\"og:url\" content=\"https:\/\/kultuurikatel.ee\/en\/2017\/03\/11\/eesti-el-eesistumise-tippsundmused-toimuvad-kultuurikatlas\/\" \/>\n<meta property=\"og:site_name\" content=\"Tallinn Creative Hub\" \/>\n<meta property=\"article:publisher\" content=\"https:\/\/www.facebook.com\/kultuurikatel\/\" \/>\n<meta property=\"article:published_time\" content=\"2017-03-11T09:45:09+00:00\" \/>\n<meta property=\"article:modified_time\" content=\"2017-05-10T09:29:41+00:00\" \/>\n<meta property=\"og:image\" content=\"https:\/\/kultuurikatel.ee\/static\/vool-katel_0-1.jpg\" \/>\n<meta name=\"author\" content=\"kristiina viires\" \/>\n<meta name=\"twitter:card\" content=\"summary_large_image\" \/>\n<meta name=\"twitter:label1\" content=\"Written by\" \/>\n\t<meta name=\"twitter:data1\" content=\"kristiina viires\" \/>\n\t<meta name=\"twitter:label2\" content=\"Est. reading time\" \/>\n\t<meta name=\"twitter:data2\" content=\"2 minutes\" \/>\n<script type=\"application\/ld+json\" class=\"yoast-schema-graph\">{\"@context\":\"https:\/\/schema.org\",\"@graph\":[{\"@type\":\"Article\",\"@id\":\"https:\/\/kultuurikatel.ee\/en\/2017\/03\/11\/eesti-el-eesistumise-tippsundmused-toimuvad-kultuurikatlas\/#article\",\"isPartOf\":{\"@id\":\"https:\/\/kultuurikatel.ee\/en\/2017\/03\/11\/eesti-el-eesistumise-tippsundmused-toimuvad-kultuurikatlas\/\"},\"author\":{\"name\":\"kristiina viires\",\"@id\":\"https:\/\/kultuurikatel.ee\/#\/schema\/person\/e8b261e74fea692ed2309a93ef095a58\"},\"headline\":\"Key events of Estonia\u2019s presidency of the Council of the EU will take place in Tallinn Creative Hub\",\"datePublished\":\"2017-03-11T09:45:09+00:00\",\"dateModified\":\"2017-05-10T09:29:41+00:00\",\"mainEntityOfPage\":{\"@id\":\"https:\/\/kultuurikatel.ee\/en\/2017\/03\/11\/eesti-el-eesistumise-tippsundmused-toimuvad-kultuurikatlas\/\"},\"wordCount\":357,\"publisher\":{\"@id\":\"https:\/\/kultuurikatel.ee\/#organization\"},\"image\":{\"@id\":\"https:\/\/kultuurikatel.ee\/en\/2017\/03\/11\/eesti-el-eesistumise-tippsundmused-toimuvad-kultuurikatlas\/#primaryimage\"},\"thumbnailUrl\":\"https:\/\/kultuurikatel.ee\/static\/vool-katel_0-1.jpg\",\"articleSection\":[\"Kultuurikatlast\"],\"inLanguage\":\"en-US\"},{\"@type\":\"WebPage\",\"@id\":\"https:\/\/kultuurikatel.ee\/en\/2017\/03\/11\/eesti-el-eesistumise-tippsundmused-toimuvad-kultuurikatlas\/\",\"url\":\"https:\/\/kultuurikatel.ee\/en\/2017\/03\/11\/eesti-el-eesistumise-tippsundmused-toimuvad-kultuurikatlas\/\",\"name\":\"Key events of Estonia\u2019s presidency of the Council of the EU will take place in Tallinn Creative Hub - Tallinn Creative Hub\",\"isPartOf\":{\"@id\":\"https:\/\/kultuurikatel.ee\/#website\"},\"primaryImageOfPage\":{\"@id\":\"https:\/\/kultuurikatel.ee\/en\/2017\/03\/11\/eesti-el-eesistumise-tippsundmused-toimuvad-kultuurikatlas\/#primaryimage\"},\"image\":{\"@id\":\"https:\/\/kultuurikatel.ee\/en\/2017\/03\/11\/eesti-el-eesistumise-tippsundmused-toimuvad-kultuurikatlas\/#primaryimage\"},\"thumbnailUrl\":\"https:\/\/kultuurikatel.ee\/static\/vool-katel_0-1.jpg\",\"datePublished\":\"2017-03-11T09:45:09+00:00\",\"dateModified\":\"2017-05-10T09:29:41+00:00\",\"breadcrumb\":{\"@id\":\"https:\/\/kultuurikatel.ee\/en\/2017\/03\/11\/eesti-el-eesistumise-tippsundmused-toimuvad-kultuurikatlas\/#breadcrumb\"},\"inLanguage\":\"en-US\",\"potentialAction\":[{\"@type\":\"ReadAction\",\"target\":[\"https:\/\/kultuurikatel.ee\/en\/2017\/03\/11\/eesti-el-eesistumise-tippsundmused-toimuvad-kultuurikatlas\/\"]}]},{\"@type\":\"ImageObject\",\"inLanguage\":\"en-US\",\"@id\":\"https:\/\/kultuurikatel.ee\/en\/2017\/03\/11\/eesti-el-eesistumise-tippsundmused-toimuvad-kultuurikatlas\/#primaryimage\",\"url\":\"https:\/\/kultuurikatel.ee\/static\/vool-katel_0-1.jpg\",\"contentUrl\":\"https:\/\/kultuurikatel.ee\/static\/vool-katel_0-1.jpg\"},{\"@type\":\"BreadcrumbList\",\"@id\":\"https:\/\/kultuurikatel.ee\/en\/2017\/03\/11\/eesti-el-eesistumise-tippsundmused-toimuvad-kultuurikatlas\/#breadcrumb\",\"itemListElement\":[{\"@type\":\"ListItem\",\"position\":1,\"name\":\"Home\",\"item\":\"https:\/\/kultuurikatel.ee\/en\/\"},{\"@type\":\"ListItem\",\"position\":2,\"name\":\"Key events of Estonia\u2019s presidency of the Council of the EU will take place in Tallinn Creative Hub\"}]},{\"@type\":\"WebSite\",\"@id\":\"https:\/\/kultuurikatel.ee\/#website\",\"url\":\"https:\/\/kultuurikatel.ee\/\",\"name\":\"Tallinn Creative Hub\",\"description\":\"\",\"publisher\":{\"@id\":\"https:\/\/kultuurikatel.ee\/#organization\"},\"potentialAction\":[{\"@type\":\"SearchAction\",\"target\":{\"@type\":\"EntryPoint\",\"urlTemplate\":\"https:\/\/kultuurikatel.ee\/?s={search_term_string}\"},\"query-input\":{\"@type\":\"PropertyValueSpecification\",\"valueRequired\":true,\"valueName\":\"search_term_string\"}}],\"inLanguage\":\"en-US\"},{\"@type\":\"Organization\",\"@id\":\"https:\/\/kultuurikatel.ee\/#organization\",\"name\":\"SA Tallinna Kultuurikatel\",\"url\":\"https:\/\/kultuurikatel.ee\/\",\"logo\":{\"@type\":\"ImageObject\",\"inLanguage\":\"en-US\",\"@id\":\"https:\/\/kultuurikatel.ee\/#\/schema\/logo\/image\/\",\"url\":\"https:\/\/kultuurikatel.ee\/static\/Katel_logo.jpg\",\"contentUrl\":\"https:\/\/kultuurikatel.ee\/static\/Katel_logo.jpg\",\"width\":1346,\"height\":1022,\"caption\":\"SA Tallinna Kultuurikatel\"},\"image\":{\"@id\":\"https:\/\/kultuurikatel.ee\/#\/schema\/logo\/image\/\"},\"sameAs\":[\"https:\/\/www.facebook.com\/kultuurikatel\/\",\"https:\/\/www.instagram.com\/kultuurikatel\/\"]},{\"@type\":\"Person\",\"@id\":\"https:\/\/kultuurikatel.ee\/#\/schema\/person\/e8b261e74fea692ed2309a93ef095a58\",\"name\":\"kristiina viires\",\"image\":{\"@type\":\"ImageObject\",\"inLanguage\":\"en-US\",\"@id\":\"https:\/\/kultuurikatel.ee\/#\/schema\/person\/image\/\",\"url\":\"https:\/\/secure.gravatar.com\/avatar\/951ddc06b8a1e71b93ef420392b8b51842708102aac886b56eef4772d294a9fc?s=96&d=mm&r=g\",\"contentUrl\":\"https:\/\/secure.gravatar.com\/avatar\/951ddc06b8a1e71b93ef420392b8b51842708102aac886b56eef4772d294a9fc?s=96&d=mm&r=g\",\"caption\":\"kristiina viires\"},\"url\":\"https:\/\/kultuurikatel.ee\/en\/author\/kristiina-viires\/\"}]}<\/script>\n<!-- \/ Yoast SEO plugin. -->","yoast_head_json":{"title":"Key events of Estonia\u2019s presidency of the Council of the EU will take place in Tallinn Creative Hub - Tallinn Creative Hub","robots":{"index":"index","follow":"follow","max-snippet":"max-snippet:-1","max-image-preview":"max-image-preview:large","max-video-preview":"max-video-preview:-1"},"canonical":"https:\/\/kultuurikatel.ee\/en\/2017\/03\/11\/eesti-el-eesistumise-tippsundmused-toimuvad-kultuurikatlas\/","og_locale":"en_US","og_type":"article","og_title":"Key events of Estonia\u2019s presidency of the Council of the EU will take place in Tallinn Creative Hub - Tallinn Creative Hub","og_description":"Tallinn Creative Hub will be the main location for events taking place during Estonia\u2019s presidency of the Council of the EU. From 20 June to 2 November 2017, we will be hosting informal meetings of ministers and several conferences. Due to presidency-related events, Tallinn Creative Hub will not be available for other interested parties during [&hellip;]","og_url":"https:\/\/kultuurikatel.ee\/en\/2017\/03\/11\/eesti-el-eesistumise-tippsundmused-toimuvad-kultuurikatlas\/","og_site_name":"Tallinn Creative Hub","article_publisher":"https:\/\/www.facebook.com\/kultuurikatel\/","article_published_time":"2017-03-11T09:45:09+00:00","article_modified_time":"2017-05-10T09:29:41+00:00","og_image":[{"url":"https:\/\/kultuurikatel.ee\/static\/vool-katel_0-1.jpg","type":"","width":"","height":""}],"author":"kristiina viires","twitter_card":"summary_large_image","twitter_misc":{"Written by":"kristiina viires","Est. reading time":"2 minutes"},"schema":{"@context":"https:\/\/schema.org","@graph":[{"@type":"Article","@id":"https:\/\/kultuurikatel.ee\/en\/2017\/03\/11\/eesti-el-eesistumise-tippsundmused-toimuvad-kultuurikatlas\/#article","isPartOf":{"@id":"https:\/\/kultuurikatel.ee\/en\/2017\/03\/11\/eesti-el-eesistumise-tippsundmused-toimuvad-kultuurikatlas\/"},"author":{"name":"kristiina viires","@id":"https:\/\/kultuurikatel.ee\/#\/schema\/person\/e8b261e74fea692ed2309a93ef095a58"},"headline":"Key events of Estonia\u2019s presidency of the Council of the EU will take place in Tallinn Creative Hub","datePublished":"2017-03-11T09:45:09+00:00","dateModified":"2017-05-10T09:29:41+00:00","mainEntityOfPage":{"@id":"https:\/\/kultuurikatel.ee\/en\/2017\/03\/11\/eesti-el-eesistumise-tippsundmused-toimuvad-kultuurikatlas\/"},"wordCount":357,"publisher":{"@id":"https:\/\/kultuurikatel.ee\/#organization"},"image":{"@id":"https:\/\/kultuurikatel.ee\/en\/2017\/03\/11\/eesti-el-eesistumise-tippsundmused-toimuvad-kultuurikatlas\/#primaryimage"},"thumbnailUrl":"https:\/\/kultuurikatel.ee\/static\/vool-katel_0-1.jpg","articleSection":["Kultuurikatlast"],"inLanguage":"en-US"},{"@type":"WebPage","@id":"https:\/\/kultuurikatel.ee\/en\/2017\/03\/11\/eesti-el-eesistumise-tippsundmused-toimuvad-kultuurikatlas\/","url":"https:\/\/kultuurikatel.ee\/en\/2017\/03\/11\/eesti-el-eesistumise-tippsundmused-toimuvad-kultuurikatlas\/","name":"Key events of Estonia\u2019s presidency of the Council of the EU will take place in Tallinn Creative Hub - Tallinn Creative Hub","isPartOf":{"@id":"https:\/\/kultuurikatel.ee\/#website"},"primaryImageOfPage":{"@id":"https:\/\/kultuurikatel.ee\/en\/2017\/03\/11\/eesti-el-eesistumise-tippsundmused-toimuvad-kultuurikatlas\/#primaryimage"},"image":{"@id":"https:\/\/kultuurikatel.ee\/en\/2017\/03\/11\/eesti-el-eesistumise-tippsundmused-toimuvad-kultuurikatlas\/#primaryimage"},"thumbnailUrl":"https:\/\/kultuurikatel.ee\/static\/vool-katel_0-1.jpg","datePublished":"2017-03-11T09:45:09+00:00","dateModified":"2017-05-10T09:29:41+00:00","breadcrumb":{"@id":"https:\/\/kultuurikatel.ee\/en\/2017\/03\/11\/eesti-el-eesistumise-tippsundmused-toimuvad-kultuurikatlas\/#breadcrumb"},"inLanguage":"en-US","potentialAction":[{"@type":"ReadAction","target":["https:\/\/kultuurikatel.ee\/en\/2017\/03\/11\/eesti-el-eesistumise-tippsundmused-toimuvad-kultuurikatlas\/"]}]},{"@type":"ImageObject","inLanguage":"en-US","@id":"https:\/\/kultuurikatel.ee\/en\/2017\/03\/11\/eesti-el-eesistumise-tippsundmused-toimuvad-kultuurikatlas\/#primaryimage","url":"https:\/\/kultuurikatel.ee\/static\/vool-katel_0-1.jpg","contentUrl":"https:\/\/kultuurikatel.ee\/static\/vool-katel_0-1.jpg"},{"@type":"BreadcrumbList","@id":"https:\/\/kultuurikatel.ee\/en\/2017\/03\/11\/eesti-el-eesistumise-tippsundmused-toimuvad-kultuurikatlas\/#breadcrumb","itemListElement":[{"@type":"ListItem","position":1,"name":"Home","item":"https:\/\/kultuurikatel.ee\/en\/"},{"@type":"ListItem","position":2,"name":"Key events of Estonia\u2019s presidency of the Council of the EU will take place in Tallinn Creative Hub"}]},{"@type":"WebSite","@id":"https:\/\/kultuurikatel.ee\/#website","url":"https:\/\/kultuurikatel.ee\/","name":"Tallinn Creative Hub","description":"","publisher":{"@id":"https:\/\/kultuurikatel.ee\/#organization"},"potentialAction":[{"@type":"SearchAction","target":{"@type":"EntryPoint","urlTemplate":"https:\/\/kultuurikatel.ee\/?s={search_term_string}"},"query-input":{"@type":"PropertyValueSpecification","valueRequired":true,"valueName":"search_term_string"}}],"inLanguage":"en-US"},{"@type":"Organization","@id":"https:\/\/kultuurikatel.ee\/#organization","name":"SA Tallinna Kultuurikatel","url":"https:\/\/kultuurikatel.ee\/","logo":{"@type":"ImageObject","inLanguage":"en-US","@id":"https:\/\/kultuurikatel.ee\/#\/schema\/logo\/image\/","url":"https:\/\/kultuurikatel.ee\/static\/Katel_logo.jpg","contentUrl":"https:\/\/kultuurikatel.ee\/static\/Katel_logo.jpg","width":1346,"height":1022,"caption":"SA Tallinna Kultuurikatel"},"image":{"@id":"https:\/\/kultuurikatel.ee\/#\/schema\/logo\/image\/"},"sameAs":["https:\/\/www.facebook.com\/kultuurikatel\/","https:\/\/www.instagram.com\/kultuurikatel\/"]},{"@type":"Person","@id":"https:\/\/kultuurikatel.ee\/#\/schema\/person\/e8b261e74fea692ed2309a93ef095a58","name":"kristiina viires","image":{"@type":"ImageObject","inLanguage":"en-US","@id":"https:\/\/kultuurikatel.ee\/#\/schema\/person\/image\/","url":"https:\/\/secure.gravatar.com\/avatar\/951ddc06b8a1e71b93ef420392b8b51842708102aac886b56eef4772d294a9fc?s=96&d=mm&r=g","contentUrl":"https:\/\/secure.gravatar.com\/avatar\/951ddc06b8a1e71b93ef420392b8b51842708102aac886b56eef4772d294a9fc?s=96&d=mm&r=g","caption":"kristiina viires"},"url":"https:\/\/kultuurikatel.ee\/en\/author\/kristiina-viires\/"}]}},"author_meta":{"display_name":"kristiina viires","author_link":"https:\/\/kultuurikatel.ee\/en\/author\/kristiina-viires\/"},"featured_img":null,"jetpack_featured_media_url":"","uagb_featured_image_src":{"full":false,"thumbnail":false,"medium":false,"medium_large":false,"large":false,"1536x1536":false,"2048x2048":false,"event_thumb":false,"small":false,"contact-profile":false,"custom-size":false,"event_image":false},"uagb_author_info":{"display_name":"kristiina viires","author_link":"https:\/\/kultuurikatel.ee\/en\/author\/kristiina-viires\/"},"uagb_comment_info":0,"uagb_excerpt":"Tallinn Creative Hub will be the main location for events taking place during Estonia\u2019s presidency of the Council of the EU. From 20 June to 2 November 2017, we will be hosting informal meetings of ministers and several conferences. Due to presidency-related events, Tallinn Creative Hub will not be available for other interested parties during&hellip;","coauthors":[],"tax_additional":{"categories":{"linked":["<a href=\"https:\/\/kultuurikatel.ee\/en\/category\/kultuurikatlast-en\/\" class=\"advgb-post-tax-term\">Kultuurikatlast<\/a>"],"unlinked":["<span class=\"advgb-post-tax-term\">Kultuurikatlast<\/span>"]}},"comment_count":"0","relative_dates":{"created":"Posted 9 years ago","modified":"Updated 9 years ago"},"absolute_dates":{"created":"Posted on March 11, 2017","modified":"Updated on May 10, 2017"},"absolute_dates_time":{"created":"Posted on March 11, 2017 11:45","modified":"Updated on May 10, 2017 12:29"},"featured_img_caption":"","series_order":"","jetpack_sharing_enabled":true,"_links":{"self":[{"href":"https:\/\/kultuurikatel.ee\/en\/wp-json\/wp\/v2\/posts\/3277","targetHints":{"allow":["GET"]}}],"collection":[{"href":"https:\/\/kultuurikatel.ee\/en\/wp-json\/wp\/v2\/posts"}],"about":[{"href":"https:\/\/kultuurikatel.ee\/en\/wp-json\/wp\/v2\/types\/post"}],"author":[{"embeddable":true,"href":"https:\/\/kultuurikatel.ee\/en\/wp-json\/wp\/v2\/users\/13"}],"replies":[{"embeddable":true,"href":"https:\/\/kultuurikatel.ee\/en\/wp-json\/wp\/v2\/comments?post=3277"}],"version-history":[{"count":11,"href":"https:\/\/kultuurikatel.ee\/en\/wp-json\/wp\/v2\/posts\/3277\/revisions"}],"predecessor-version":[{"id":3689,"href":"https:\/\/kultuurikatel.ee\/en\/wp-json\/wp\/v2\/posts\/3277\/revisions\/3689"}],"wp:attachment":[{"href":"https:\/\/kultuurikatel.ee\/en\/wp-json\/wp\/v2\/media?parent=3277"}],"wp:term":[{"taxonomy":"category","embeddable":true,"href":"https:\/\/kultuurikatel.ee\/en\/wp-json\/wp\/v2\/categories?post=3277"},{"taxonomy":"post_tag","embeddable":true,"href":"https:\/\/kultuurikatel.ee\/en\/wp-json\/wp\/v2\/tags?post=3277"}],"curies":[{"name":"wp","href":"https:\/\/api.w.org\/{rel}","templated":true}]}}